{"id":3251,"date":"2025-02-13T14:54:15","date_gmt":"2025-02-13T14:54:15","guid":{"rendered":"https:\/\/www.lapalma6.com\/?p=3251"},"modified":"2025-02-17T21:17:14","modified_gmt":"2025-02-17T21:17:14","slug":"embarazo-anna-abel","status":"publish","type":"post","link":"https:\/\/www.lapalma6.com\/ca\/embarazo-anna-abel\/","title":{"rendered":"EMBARAZO ANNA + ABEL"},"content":{"rendered":"<div data-elementor-type=\"wp-post\" data-elementor-id=\"3251\" class=\"elementor elementor-3251\" data-elementor-post-type=\"post\">\n\t\t\t\t<div class=\"elementor-element elementor-element-1d144635 e-con-full e-flex e-con e-parent\" data-id=\"1d144635\" data-element_type=\"container\" data-e-type=\"container\" data-settings=\"{&quot;background_background&quot;:&quot;classic&quot;}\">\n\t\t<div class=\"elementor-element elementor-element-3fd9c055 e-con-full e-flex e-con e-child\" data-id=\"3fd9c055\" data-element_type=\"container\" data-e-type=\"container\">\n\t\t<div class=\"elementor-element elementor-element-14ef8c28 e-con-full e-flex e-con e-child\" data-id=\"14ef8c28\" data-element_type=\"container\" data-e-type=\"container\" data-settings=\"{&quot;background_background&quot;:&quot;classic&quot;}\">\n\t\t\t\t<div class=\"elementor-element elementor-element-7eda38b2 elementor-widget elementor-widget-heading\" data-id=\"7eda38b2\" data-element_type=\"widget\" data-e-type=\"widget\" data-widget_type=\"heading.default\">\n\t\t\t\t<div class=\"elementor-widget-container\">\n\t\t\t\t\t<h2 class=\"elementor-heading-title elementor-size-default\">EMBARAZO - ANNA + ABEL<\/h2>\t\t\t\t<\/div>\n\t\t\t\t<\/div>\n\t\t\t\t<div class=\"elementor-element elementor-element-4f98cba2 elementor-widget-laptop__width-initial elementor-widget__width-initial elementor-widget elementor-widget-text-editor\" data-id=\"4f98cba2\" data-element_type=\"widget\" data-e-type=\"widget\" data-widget_type=\"text-editor.default\">\n\t\t\t\t<div class=\"elementor-widget-container\">\n\t\t\t\t\t\t\t\t\t<p>A Anna y Abel los conoc\u00ed cuando fotografi\u00e9 su boda, con lo que fotografiar su embarazo me hizo especial ilusi\u00f3n. Estas son algunas de las im\u00e1genes que tomamos en el estudio, esperando a Aina.<\/p>\t\t\t\t\t\t\t\t<\/div>\n\t\t\t\t<\/div>\n\t\t\t\t<\/div>\n\t\t\t\t<\/div>\n\t\t\t\t<div class=\"elementor-element elementor-element-48836316 elementor-arrows-position-inside elementor-pagination-position-outside elementor-widget elementor-widget-image-carousel\" data-id=\"48836316\" data-element_type=\"widget\" data-e-type=\"widget\" data-settings=\"{&quot;slides_to_show&quot;:&quot;5&quot;,&quot;slides_to_show_laptop&quot;:&quot;5&quot;,&quot;slides_to_show_tablet&quot;:&quot;4&quot;,&quot;image_spacing_custom&quot;:{&quot;unit&quot;:&quot;px&quot;,&quot;size&quot;:10,&quot;sizes&quot;:[]},&quot;image_spacing_custom_laptop&quot;:{&quot;unit&quot;:&quot;px&quot;,&quot;size&quot;:5,&quot;sizes&quot;:[]},&quot;navigation&quot;:&quot;both&quot;,&quot;autoplay&quot;:&quot;yes&quot;,&quot;pause_on_hover&quot;:&quot;yes&quot;,&quot;pause_on_interaction&quot;:&quot;yes&quot;,&quot;autoplay_speed&quot;:5000,&quot;infinite&quot;:&quot;yes&quot;,&quot;speed&quot;:500,&quot;image_spacing_custom_tablet&quot;:{&quot;unit&quot;:&quot;px&quot;,&quot;size&quot;:&quot;&quot;,&quot;sizes&quot;:[]},&quot;image_spacing_custom_mobile&quot;:{&quot;unit&quot;:&quot;px&quot;,&quot;size&quot;:&quot;&quot;,&quot;sizes&quot;:[]}}\" data-widget_type=\"image-carousel.default\">\n\t\t\t\t<div class=\"elementor-widget-container\">\n\t\t\t\t\t\t\t<div class=\"elementor-image-carousel-wrapper swiper\" role=\"region\" aria-roledescription=\"carousel\" aria-label=\"Carrusel de im\u00e1genes\" dir=\"ltr\">\n\t\t\t<div class=\"elementor-image-carousel swiper-wrapper\" aria-live=\"off\">\n\t\t\t\t\t\t\t\t<div class=\"swiper-slide\" role=\"group\" aria-roledescription=\"slide\" aria-label=\"1 de 11\"><figure class=\"swiper-slide-inner\"><img decoding=\"async\" class=\"swiper-slide-image\" src=\"https:\/\/www.lapalma6.com\/wp-content\/uploads\/2024\/05\/Embarazo_AnnaAbel_LaPalma6_053-scaled.jpg\" alt=\"Embarazo_AnnaAbel_LaPalma6_053\" \/><\/figure><\/div><div class=\"swiper-slide\" role=\"group\" aria-roledescription=\"slide\" aria-label=\"2 de 11\"><figure class=\"swiper-slide-inner\"><img decoding=\"async\" class=\"swiper-slide-image\" src=\"https:\/\/www.lapalma6.com\/wp-content\/uploads\/2024\/05\/Embarazo_AnnaAbel_LaPalma6_033-scaled.jpg\" alt=\"Embarazo_AnnaAbel_LaPalma6_033\" \/><\/figure><\/div><div class=\"swiper-slide\" role=\"group\" aria-roledescription=\"slide\" aria-label=\"3 de 11\"><figure class=\"swiper-slide-inner\"><img decoding=\"async\" class=\"swiper-slide-image\" src=\"https:\/\/www.lapalma6.com\/wp-content\/uploads\/2024\/05\/Embarazo_AnnaAbel_LaPalma6_076-scaled.jpg\" alt=\"Embarazo_AnnaAbel_LaPalma6_076\" \/><\/figure><\/div><div class=\"swiper-slide\" role=\"group\" aria-roledescription=\"slide\" aria-label=\"4 de 11\"><figure class=\"swiper-slide-inner\"><img decoding=\"async\" class=\"swiper-slide-image\" src=\"https:\/\/www.lapalma6.com\/wp-content\/uploads\/2024\/05\/Embarazo_AnnaAbel_LaPalma6_055-scaled.jpg\" alt=\"Embarazo_AnnaAbel_LaPalma6_055\" \/><\/figure><\/div><div class=\"swiper-slide\" role=\"group\" aria-roledescription=\"slide\" aria-label=\"5 de 11\"><figure class=\"swiper-slide-inner\"><img decoding=\"async\" class=\"swiper-slide-image\" src=\"https:\/\/www.lapalma6.com\/wp-content\/uploads\/2024\/05\/Embarazo_AnnaAbel_LaPalma6_019-scaled.jpg\" alt=\"Embarazo_AnnaAbel_LaPalma6_019\" \/><\/figure><\/div><div class=\"swiper-slide\" role=\"group\" aria-roledescription=\"slide\" aria-label=\"6 de 11\"><figure class=\"swiper-slide-inner\"><img decoding=\"async\" class=\"swiper-slide-image\" src=\"https:\/\/www.lapalma6.com\/wp-content\/uploads\/2024\/05\/Embarazo_AnnaAbel_LaPalma6_047-scaled.jpg\" alt=\"Embarazo_AnnaAbel_LaPalma6_047\" \/><\/figure><\/div><div class=\"swiper-slide\" role=\"group\" aria-roledescription=\"slide\" aria-label=\"7 de 11\"><figure class=\"swiper-slide-inner\"><img decoding=\"async\" class=\"swiper-slide-image\" src=\"https:\/\/www.lapalma6.com\/wp-content\/uploads\/2024\/05\/Embarazo_AnnaAbel_LaPalma6_068-scaled.jpg\" alt=\"Embarazo_AnnaAbel_LaPalma6_068\" \/><\/figure><\/div><div class=\"swiper-slide\" role=\"group\" aria-roledescription=\"slide\" aria-label=\"8 de 11\"><figure class=\"swiper-slide-inner\"><img decoding=\"async\" class=\"swiper-slide-image\" src=\"https:\/\/www.lapalma6.com\/wp-content\/uploads\/2024\/05\/Embarazo_AnnaAbel_LaPalma6_021-scaled.jpg\" alt=\"Embarazo_AnnaAbel_LaPalma6_021\" \/><\/figure><\/div><div class=\"swiper-slide\" role=\"group\" aria-roledescription=\"slide\" aria-label=\"9 de 11\"><figure class=\"swiper-slide-inner\"><img decoding=\"async\" class=\"swiper-slide-image\" src=\"https:\/\/www.lapalma6.com\/wp-content\/uploads\/2024\/05\/Embarazo_AnnaAbel_LaPalma6_052-scaled.jpg\" alt=\"Embarazo_AnnaAbel_LaPalma6_052\" \/><\/figure><\/div><div class=\"swiper-slide\" role=\"group\" aria-roledescription=\"slide\" aria-label=\"10 de 11\"><figure class=\"swiper-slide-inner\"><img decoding=\"async\" class=\"swiper-slide-image\" src=\"https:\/\/www.lapalma6.com\/wp-content\/uploads\/2024\/05\/Embarazo_AnnaAbel_LaPalma6_073-scaled.jpg\" alt=\"Embarazo_AnnaAbel_LaPalma6_073\" \/><\/figure><\/div><div class=\"swiper-slide\" role=\"group\" aria-roledescription=\"slide\" aria-label=\"11 de 11\"><figure class=\"swiper-slide-inner\"><img decoding=\"async\" class=\"swiper-slide-image\" src=\"https:\/\/www.lapalma6.com\/wp-content\/uploads\/2024\/05\/Embarazo_AnnaAbel_LaPalma6_045-scaled.jpg\" alt=\"Embarazo_AnnaAbel_LaPalma6_045\" \/><\/figure><\/div>\t\t\t<\/div>\n\t\t\t\t\t\t\t\t\t\t\t\t<div class=\"elementor-swiper-button elementor-swiper-button-prev\" role=\"button\" tabindex=\"0\">\n\t\t\t\t\t\t<svg aria-hidden=\"true\" class=\"e-font-icon-svg e-eicon-chevron-left\" viewbox=\"0 0 1000 1000\" xmlns=\"http:\/\/www.w3.org\/2000\/svg\"><path d=\"M646 125C629 125 613 133 604 142L308 442C296 454 292 471 292 487 292 504 296 521 308 533L604 854C617 867 629 875 646 875 663 875 679 871 692 858 704 846 713 829 713 812 713 796 708 779 692 767L438 487 692 225C700 217 708 204 708 187 708 171 704 154 692 142 675 129 663 125 646 125Z\"><\/path><\/svg>\t\t\t\t\t<\/div>\n\t\t\t\t\t<div class=\"elementor-swiper-button elementor-swiper-button-next\" role=\"button\" tabindex=\"0\">\n\t\t\t\t\t\t<svg aria-hidden=\"true\" class=\"e-font-icon-svg e-eicon-chevron-right\" viewbox=\"0 0 1000 1000\" xmlns=\"http:\/\/www.w3.org\/2000\/svg\"><path d=\"M696 533C708 521 713 504 713 487 713 471 708 454 696 446L400 146C388 133 375 125 354 125 338 125 325 129 313 142 300 154 292 171 292 187 292 204 296 221 308 233L563 492 304 771C292 783 288 800 288 817 288 833 296 850 308 863 321 871 338 875 354 875 371 875 388 867 400 854L696 533Z\"><\/path><\/svg>\t\t\t\t\t<\/div>\n\t\t\t\t\n\t\t\t\t\t\t\t\t\t<div class=\"swiper-pagination\"><\/div>\n\t\t\t\t\t\t\t\t\t<\/div>\n\t\t\t\t\t\t<\/div>\n\t\t\t\t<\/div>\n\t\t\t\t<div class=\"elementor-element elementor-element-73885f8f elementor-widget elementor-widget-spacer\" data-id=\"73885f8f\" data-element_type=\"widget\" data-e-type=\"widget\" data-widget_type=\"spacer.default\">\n\t\t\t\t<div class=\"elementor-widget-container\">\n\t\t\t\t\t\t\t<div class=\"elementor-spacer\">\n\t\t\t<div class=\"elementor-spacer-inner\"><\/div>\n\t\t<\/div>\n\t\t\t\t\t\t<\/div>\n\t\t\t\t<\/div>\n\t\t\t\t<\/div>\n\t\t\t\t<\/div>","protected":false},"excerpt":{"rendered":"<p>EMBARAZO &#8211; ANNA + ABEL A Anna y Abel los conoc\u00ed cuando fotografi\u00e9 su boda, con lo que fotografiar su embarazo me hizo especial ilusi\u00f3n. Estas son algunas de las im\u00e1genes que tomamos en el estudio, esperando a Aina.<\/p>","protected":false},"author":1,"featured_media":0,"comment_status":"closed","ping_status":"open","sticky":false,"template":"","format":"standard","meta":{"footnotes":""},"categories":[1],"tags":[],"class_list":["post-3251","post","type-post","status-publish","format-standard","hentry","category-uncategorized"],"yoast_head":"<!-- This site is optimized with the Yoast SEO plugin v27.5 - https:\/\/yoast.com\/product\/yoast-seo-wordpress\/ -->\n<title>EMBARAZO ANNA + ABEL - La Palma 6<\/title>\n<meta name=\"robots\" content=\"index, follow, max-snippet:-1, max-image-preview:large, max-video-preview:-1\" \/>\n<link rel=\"canonical\" href=\"https:\/\/www.lapalma6.com\/ca\/embarazo-anna-abel\/\" \/>\n<meta property=\"og:locale\" content=\"ca_ES\" \/>\n<meta property=\"og:type\" content=\"article\" \/>\n<meta property=\"og:title\" content=\"EMBARAZO ANNA + ABEL - La Palma 6\" \/>\n<meta property=\"og:description\" content=\"EMBARAZO &#8211; ANNA + ABEL A Anna y Abel los conoc\u00ed cuando fotografi\u00e9 su boda, con lo que fotografiar su embarazo me hizo especial ilusi\u00f3n. Estas son algunas de las im\u00e1genes que tomamos en el estudio, esperando a Aina.\" \/>\n<meta property=\"og:url\" content=\"https:\/\/www.lapalma6.com\/ca\/embarazo-anna-abel\/\" \/>\n<meta property=\"og:site_name\" content=\"La Palma 6\" \/>\n<meta property=\"article:published_time\" content=\"2025-02-13T14:54:15+00:00\" \/>\n<meta property=\"article:modified_time\" content=\"2025-02-17T21:17:14+00:00\" \/>\n<meta property=\"og:image\" content=\"https:\/\/www.lapalma6.com\/wp-content\/uploads\/2024\/05\/Embarazo_AnnaAbel_LaPalma6_053-scaled.jpg\" \/>\n<meta name=\"author\" content=\"admin\" \/>\n<meta name=\"twitter:card\" content=\"summary_large_image\" \/>\n<meta name=\"twitter:label1\" content=\"Escrit per\" \/>\n\t<meta name=\"twitter:data1\" content=\"admin\" \/>\n\t<meta name=\"twitter:label2\" content=\"Temps estimat de lectura\" \/>\n\t<meta name=\"twitter:data2\" content=\"5 minuts\" \/>\n<script type=\"application\/ld+json\" class=\"yoast-schema-graph\">{\"@context\":\"https:\\\/\\\/schema.org\",\"@graph\":[{\"@type\":\"Article\",\"@id\":\"https:\\\/\\\/www.lapalma6.com\\\/embarazo-anna-abel\\\/#article\",\"isPartOf\":{\"@id\":\"https:\\\/\\\/www.lapalma6.com\\\/embarazo-anna-abel\\\/\"},\"author\":{\"name\":\"admin\",\"@id\":\"https:\\\/\\\/www.lapalma6.com\\\/#\\\/schema\\\/person\\\/bad920a052acf4129c6a9534e5fb3005\"},\"headline\":\"EMBARAZO ANNA + ABEL\",\"datePublished\":\"2025-02-13T14:54:15+00:00\",\"dateModified\":\"2025-02-17T21:17:14+00:00\",\"mainEntityOfPage\":{\"@id\":\"https:\\\/\\\/www.lapalma6.com\\\/embarazo-anna-abel\\\/\"},\"wordCount\":43,\"publisher\":{\"@id\":\"https:\\\/\\\/www.lapalma6.com\\\/#organization\"},\"image\":{\"@id\":\"https:\\\/\\\/www.lapalma6.com\\\/embarazo-anna-abel\\\/#primaryimage\"},\"thumbnailUrl\":\"https:\\\/\\\/www.lapalma6.com\\\/wp-content\\\/uploads\\\/2024\\\/05\\\/Embarazo_AnnaAbel_LaPalma6_053-scaled.jpg\",\"articleSection\":[\"Uncategorized\"],\"inLanguage\":\"ca\"},{\"@type\":\"WebPage\",\"@id\":\"https:\\\/\\\/www.lapalma6.com\\\/embarazo-anna-abel\\\/\",\"url\":\"https:\\\/\\\/www.lapalma6.com\\\/embarazo-anna-abel\\\/\",\"name\":\"EMBARAZO ANNA + ABEL - La Palma 6\",\"isPartOf\":{\"@id\":\"https:\\\/\\\/www.lapalma6.com\\\/#website\"},\"primaryImageOfPage\":{\"@id\":\"https:\\\/\\\/www.lapalma6.com\\\/embarazo-anna-abel\\\/#primaryimage\"},\"image\":{\"@id\":\"https:\\\/\\\/www.lapalma6.com\\\/embarazo-anna-abel\\\/#primaryimage\"},\"thumbnailUrl\":\"https:\\\/\\\/www.lapalma6.com\\\/wp-content\\\/uploads\\\/2024\\\/05\\\/Embarazo_AnnaAbel_LaPalma6_053-scaled.jpg\",\"datePublished\":\"2025-02-13T14:54:15+00:00\",\"dateModified\":\"2025-02-17T21:17:14+00:00\",\"breadcrumb\":{\"@id\":\"https:\\\/\\\/www.lapalma6.com\\\/embarazo-anna-abel\\\/#breadcrumb\"},\"inLanguage\":\"ca\",\"potentialAction\":[{\"@type\":\"ReadAction\",\"target\":[\"https:\\\/\\\/www.lapalma6.com\\\/embarazo-anna-abel\\\/\"]}]},{\"@type\":\"ImageObject\",\"inLanguage\":\"ca\",\"@id\":\"https:\\\/\\\/www.lapalma6.com\\\/embarazo-anna-abel\\\/#primaryimage\",\"url\":\"https:\\\/\\\/www.lapalma6.com\\\/wp-content\\\/uploads\\\/2024\\\/05\\\/Embarazo_AnnaAbel_LaPalma6_053-scaled.jpg\",\"contentUrl\":\"https:\\\/\\\/www.lapalma6.com\\\/wp-content\\\/uploads\\\/2024\\\/05\\\/Embarazo_AnnaAbel_LaPalma6_053-scaled.jpg\"},{\"@type\":\"BreadcrumbList\",\"@id\":\"https:\\\/\\\/www.lapalma6.com\\\/embarazo-anna-abel\\\/#breadcrumb\",\"itemListElement\":[{\"@type\":\"ListItem\",\"position\":1,\"name\":\"Portada\",\"item\":\"https:\\\/\\\/www.lapalma6.com\\\/\"},{\"@type\":\"ListItem\",\"position\":2,\"name\":\"EMBARAZO ANNA + ABEL\"}]},{\"@type\":\"WebSite\",\"@id\":\"https:\\\/\\\/www.lapalma6.com\\\/#website\",\"url\":\"https:\\\/\\\/www.lapalma6.com\\\/\",\"name\":\"La Palma 6\",\"description\":\"Fotograf&iacute;a de beb&eacute;s y familia en Lleida\",\"publisher\":{\"@id\":\"https:\\\/\\\/www.lapalma6.com\\\/#organization\"},\"potentialAction\":[{\"@type\":\"SearchAction\",\"target\":{\"@type\":\"EntryPoint\",\"urlTemplate\":\"https:\\\/\\\/www.lapalma6.com\\\/?s={search_term_string}\"},\"query-input\":{\"@type\":\"PropertyValueSpecification\",\"valueRequired\":true,\"valueName\":\"search_term_string\"}}],\"inLanguage\":\"ca\"},{\"@type\":\"Organization\",\"@id\":\"https:\\\/\\\/www.lapalma6.com\\\/#organization\",\"name\":\"La Palma 6\",\"url\":\"https:\\\/\\\/www.lapalma6.com\\\/\",\"logo\":{\"@type\":\"ImageObject\",\"inLanguage\":\"ca\",\"@id\":\"https:\\\/\\\/www.lapalma6.com\\\/#\\\/schema\\\/logo\\\/image\\\/\",\"url\":\"https:\\\/\\\/www.lapalma6.com\\\/wp-content\\\/uploads\\\/2019\\\/07\\\/veefqvfev.png\",\"contentUrl\":\"https:\\\/\\\/www.lapalma6.com\\\/wp-content\\\/uploads\\\/2019\\\/07\\\/veefqvfev.png\",\"width\":1000,\"height\":1000,\"caption\":\"La Palma 6 \"},\"image\":{\"@id\":\"https:\\\/\\\/www.lapalma6.com\\\/#\\\/schema\\\/logo\\\/image\\\/\"}},{\"@type\":\"Person\",\"@id\":\"https:\\\/\\\/www.lapalma6.com\\\/#\\\/schema\\\/person\\\/bad920a052acf4129c6a9534e5fb3005\",\"name\":\"admin\",\"image\":{\"@type\":\"ImageObject\",\"inLanguage\":\"ca\",\"@id\":\"https:\\\/\\\/www.lapalma6.com\\\/wp-content\\\/litespeed\\\/avatar\\\/1\\\/8ce7f1e60e5272c7532a6b42069ce4d7.jpg?ver=1777267007\",\"url\":\"https:\\\/\\\/www.lapalma6.com\\\/wp-content\\\/litespeed\\\/avatar\\\/1\\\/8ce7f1e60e5272c7532a6b42069ce4d7.jpg?ver=1777267007\",\"contentUrl\":\"https:\\\/\\\/www.lapalma6.com\\\/wp-content\\\/litespeed\\\/avatar\\\/1\\\/8ce7f1e60e5272c7532a6b42069ce4d7.jpg?ver=1777267007\",\"caption\":\"admin\"},\"url\":\"https:\\\/\\\/www.lapalma6.com\\\/ca\\\/author\\\/admin\\\/\"}]}<\/script>\n<!-- \/ Yoast SEO plugin. -->","yoast_head_json":{"title":"EMBARAZO ANNA + ABEL - La Palma 6","robots":{"index":"index","follow":"follow","max-snippet":"max-snippet:-1","max-image-preview":"max-image-preview:large","max-video-preview":"max-video-preview:-1"},"canonical":"https:\/\/www.lapalma6.com\/ca\/embarazo-anna-abel\/","og_locale":"ca_ES","og_type":"article","og_title":"EMBARAZO ANNA + ABEL - La Palma 6","og_description":"EMBARAZO &#8211; ANNA + ABEL A Anna y Abel los conoc\u00ed cuando fotografi\u00e9 su boda, con lo que fotografiar su embarazo me hizo especial ilusi\u00f3n. Estas son algunas de las im\u00e1genes que tomamos en el estudio, esperando a Aina.","og_url":"https:\/\/www.lapalma6.com\/ca\/embarazo-anna-abel\/","og_site_name":"La Palma 6","article_published_time":"2025-02-13T14:54:15+00:00","article_modified_time":"2025-02-17T21:17:14+00:00","og_image":[{"url":"https:\/\/www.lapalma6.com\/wp-content\/uploads\/2024\/05\/Embarazo_AnnaAbel_LaPalma6_053-scaled.jpg","type":"","width":"","height":""}],"author":"admin","twitter_card":"summary_large_image","twitter_misc":{"Escrit per":"admin","Temps estimat de lectura":"5 minuts"},"schema":{"@context":"https:\/\/schema.org","@graph":[{"@type":"Article","@id":"https:\/\/www.lapalma6.com\/embarazo-anna-abel\/#article","isPartOf":{"@id":"https:\/\/www.lapalma6.com\/embarazo-anna-abel\/"},"author":{"name":"admin","@id":"https:\/\/www.lapalma6.com\/#\/schema\/person\/bad920a052acf4129c6a9534e5fb3005"},"headline":"EMBARAZO ANNA + ABEL","datePublished":"2025-02-13T14:54:15+00:00","dateModified":"2025-02-17T21:17:14+00:00","mainEntityOfPage":{"@id":"https:\/\/www.lapalma6.com\/embarazo-anna-abel\/"},"wordCount":43,"publisher":{"@id":"https:\/\/www.lapalma6.com\/#organization"},"image":{"@id":"https:\/\/www.lapalma6.com\/embarazo-anna-abel\/#primaryimage"},"thumbnailUrl":"https:\/\/www.lapalma6.com\/wp-content\/uploads\/2024\/05\/Embarazo_AnnaAbel_LaPalma6_053-scaled.jpg","articleSection":["Uncategorized"],"inLanguage":"ca"},{"@type":"WebPage","@id":"https:\/\/www.lapalma6.com\/embarazo-anna-abel\/","url":"https:\/\/www.lapalma6.com\/embarazo-anna-abel\/","name":"EMBARAZO ANNA + ABEL - La Palma 6","isPartOf":{"@id":"https:\/\/www.lapalma6.com\/#website"},"primaryImageOfPage":{"@id":"https:\/\/www.lapalma6.com\/embarazo-anna-abel\/#primaryimage"},"image":{"@id":"https:\/\/www.lapalma6.com\/embarazo-anna-abel\/#primaryimage"},"thumbnailUrl":"https:\/\/www.lapalma6.com\/wp-content\/uploads\/2024\/05\/Embarazo_AnnaAbel_LaPalma6_053-scaled.jpg","datePublished":"2025-02-13T14:54:15+00:00","dateModified":"2025-02-17T21:17:14+00:00","breadcrumb":{"@id":"https:\/\/www.lapalma6.com\/embarazo-anna-abel\/#breadcrumb"},"inLanguage":"ca","potentialAction":[{"@type":"ReadAction","target":["https:\/\/www.lapalma6.com\/embarazo-anna-abel\/"]}]},{"@type":"ImageObject","inLanguage":"ca","@id":"https:\/\/www.lapalma6.com\/embarazo-anna-abel\/#primaryimage","url":"https:\/\/www.lapalma6.com\/wp-content\/uploads\/2024\/05\/Embarazo_AnnaAbel_LaPalma6_053-scaled.jpg","contentUrl":"https:\/\/www.lapalma6.com\/wp-content\/uploads\/2024\/05\/Embarazo_AnnaAbel_LaPalma6_053-scaled.jpg"},{"@type":"BreadcrumbList","@id":"https:\/\/www.lapalma6.com\/embarazo-anna-abel\/#breadcrumb","itemListElement":[{"@type":"ListItem","position":1,"name":"Portada","item":"https:\/\/www.lapalma6.com\/"},{"@type":"ListItem","position":2,"name":"EMBARAZO ANNA + ABEL"}]},{"@type":"WebSite","@id":"https:\/\/www.lapalma6.com\/#website","url":"https:\/\/www.lapalma6.com\/","name":"La Palma 6","description":"Fotograf&iacute;a de beb&eacute;s y familia en Lleida","publisher":{"@id":"https:\/\/www.lapalma6.com\/#organization"},"potentialAction":[{"@type":"SearchAction","target":{"@type":"EntryPoint","urlTemplate":"https:\/\/www.lapalma6.com\/?s={search_term_string}"},"query-input":{"@type":"PropertyValueSpecification","valueRequired":true,"valueName":"search_term_string"}}],"inLanguage":"ca"},{"@type":"Organization","@id":"https:\/\/www.lapalma6.com\/#organization","name":"La Palma 6","url":"https:\/\/www.lapalma6.com\/","logo":{"@type":"ImageObject","inLanguage":"ca","@id":"https:\/\/www.lapalma6.com\/#\/schema\/logo\/image\/","url":"https:\/\/www.lapalma6.com\/wp-content\/uploads\/2019\/07\/veefqvfev.png","contentUrl":"https:\/\/www.lapalma6.com\/wp-content\/uploads\/2019\/07\/veefqvfev.png","width":1000,"height":1000,"caption":"La Palma 6 "},"image":{"@id":"https:\/\/www.lapalma6.com\/#\/schema\/logo\/image\/"}},{"@type":"Person","@id":"https:\/\/www.lapalma6.com\/#\/schema\/person\/bad920a052acf4129c6a9534e5fb3005","name":"admin","image":{"@type":"ImageObject","inLanguage":"ca","@id":"https:\/\/www.lapalma6.com\/wp-content\/litespeed\/avatar\/1\/8ce7f1e60e5272c7532a6b42069ce4d7.jpg?ver=1777267007","url":"https:\/\/www.lapalma6.com\/wp-content\/litespeed\/avatar\/1\/8ce7f1e60e5272c7532a6b42069ce4d7.jpg?ver=1777267007","contentUrl":"https:\/\/www.lapalma6.com\/wp-content\/litespeed\/avatar\/1\/8ce7f1e60e5272c7532a6b42069ce4d7.jpg?ver=1777267007","caption":"admin"},"url":"https:\/\/www.lapalma6.com\/ca\/author\/admin\/"}]}},"_links":{"self":[{"href":"https:\/\/www.lapalma6.com\/ca\/wp-json\/wp\/v2\/posts\/3251","targetHints":{"allow":["GET"]}}],"collection":[{"href":"https:\/\/www.lapalma6.com\/ca\/wp-json\/wp\/v2\/posts"}],"about":[{"href":"https:\/\/www.lapalma6.com\/ca\/wp-json\/wp\/v2\/types\/post"}],"author":[{"embeddable":true,"href":"https:\/\/www.lapalma6.com\/ca\/wp-json\/wp\/v2\/users\/1"}],"replies":[{"embeddable":true,"href":"https:\/\/www.lapalma6.com\/ca\/wp-json\/wp\/v2\/comments?post=3251"}],"version-history":[{"count":16,"href":"https:\/\/www.lapalma6.com\/ca\/wp-json\/wp\/v2\/posts\/3251\/revisions"}],"predecessor-version":[{"id":3414,"href":"https:\/\/www.lapalma6.com\/ca\/wp-json\/wp\/v2\/posts\/3251\/revisions\/3414"}],"wp:attachment":[{"href":"https:\/\/www.lapalma6.com\/ca\/wp-json\/wp\/v2\/media?parent=3251"}],"wp:term":[{"taxonomy":"category","embeddable":true,"href":"https:\/\/www.lapalma6.com\/ca\/wp-json\/wp\/v2\/categories?post=3251"},{"taxonomy":"post_tag","embeddable":true,"href":"https:\/\/www.lapalma6.com\/ca\/wp-json\/wp\/v2\/tags?post=3251"}],"curies":[{"name":"wp","href":"https:\/\/api.w.org\/{rel}","templated":true}]}}