{"id":3240,"date":"2025-02-13T14:42:56","date_gmt":"2025-02-13T14:42:56","guid":{"rendered":"https:\/\/www.lapalma6.com\/?p=3240"},"modified":"2025-02-17T20:57:36","modified_gmt":"2025-02-17T20:57:36","slug":"embarazo-anna","status":"publish","type":"post","link":"https:\/\/www.lapalma6.com\/ca\/embarazo-anna\/","title":{"rendered":"EMBARAZO ANNA + ADRI\u00c0"},"content":{"rendered":"<div data-elementor-type=\"wp-post\" data-elementor-id=\"3240\" class=\"elementor elementor-3240\" data-elementor-post-type=\"post\">\n\t\t\t\t<div class=\"elementor-element elementor-element-68321992 e-con-full e-flex e-con e-parent\" data-id=\"68321992\" data-element_type=\"container\" data-e-type=\"container\" data-settings=\"{&quot;background_background&quot;:&quot;classic&quot;}\">\n\t\t<div class=\"elementor-element elementor-element-70c0f694 e-con-full e-flex e-con e-child\" data-id=\"70c0f694\" data-element_type=\"container\" data-e-type=\"container\">\n\t\t<div class=\"elementor-element elementor-element-41044eda e-con-full e-flex e-con e-child\" data-id=\"41044eda\" data-element_type=\"container\" data-e-type=\"container\" data-settings=\"{&quot;background_background&quot;:&quot;classic&quot;}\">\n\t\t\t\t<div class=\"elementor-element elementor-element-22c15881 elementor-widget elementor-widget-heading\" data-id=\"22c15881\" data-element_type=\"widget\" data-e-type=\"widget\" data-widget_type=\"heading.default\">\n\t\t\t\t<div class=\"elementor-widget-container\">\n\t\t\t\t\t<h2 class=\"elementor-heading-title elementor-size-default\">EMBARAZO - Anna + Adri\u00e0<\/h2>\t\t\t\t<\/div>\n\t\t\t\t<\/div>\n\t\t\t\t<div class=\"elementor-element elementor-element-6bccc83c elementor-widget-laptop__width-initial elementor-widget__width-initial elementor-widget elementor-widget-text-editor\" data-id=\"6bccc83c\" data-element_type=\"widget\" data-e-type=\"widget\" data-widget_type=\"text-editor.default\">\n\t\t\t\t<div class=\"elementor-widget-container\">\n\t\t\t\t\t\t\t\t\t<p>Las sesiones de embarazo son un momento muy especial, y todav\u00eda m\u00e1s cuando la protagonista es tu amiga. Anna y Adri\u00e0 estaban as\u00ed de radiantes antes de la llegada del peque\u00f1o Luca.<\/p>\t\t\t\t\t\t\t\t<\/div>\n\t\t\t\t<\/div>\n\t\t\t\t<\/div>\n\t\t\t\t<\/div>\n\t\t\t\t<div class=\"elementor-element elementor-element-28167d87 elementor-arrows-position-inside elementor-pagination-position-outside elementor-widget elementor-widget-image-carousel\" data-id=\"28167d87\" data-element_type=\"widget\" data-e-type=\"widget\" data-settings=\"{&quot;slides_to_show&quot;:&quot;5&quot;,&quot;slides_to_show_laptop&quot;:&quot;5&quot;,&quot;slides_to_show_tablet&quot;:&quot;4&quot;,&quot;image_spacing_custom&quot;:{&quot;unit&quot;:&quot;px&quot;,&quot;size&quot;:10,&quot;sizes&quot;:[]},&quot;image_spacing_custom_laptop&quot;:{&quot;unit&quot;:&quot;px&quot;,&quot;size&quot;:5,&quot;sizes&quot;:[]},&quot;navigation&quot;:&quot;both&quot;,&quot;autoplay&quot;:&quot;yes&quot;,&quot;pause_on_hover&quot;:&quot;yes&quot;,&quot;pause_on_interaction&quot;:&quot;yes&quot;,&quot;autoplay_speed&quot;:5000,&quot;infinite&quot;:&quot;yes&quot;,&quot;speed&quot;:500,&quot;image_spacing_custom_tablet&quot;:{&quot;unit&quot;:&quot;px&quot;,&quot;size&quot;:&quot;&quot;,&quot;sizes&quot;:[]},&quot;image_spacing_custom_mobile&quot;:{&quot;unit&quot;:&quot;px&quot;,&quot;size&quot;:&quot;&quot;,&quot;sizes&quot;:[]}}\" data-widget_type=\"image-carousel.default\">\n\t\t\t\t<div class=\"elementor-widget-container\">\n\t\t\t\t\t\t\t<div class=\"elementor-image-carousel-wrapper swiper\" role=\"region\" aria-roledescription=\"carousel\" aria-label=\"Carrusel de im\u00e1genes\" dir=\"ltr\">\n\t\t\t<div class=\"elementor-image-carousel swiper-wrapper\" aria-live=\"off\">\n\t\t\t\t\t\t\t\t<div class=\"swiper-slide\" role=\"group\" aria-roledescription=\"slide\" aria-label=\"1 de 11\"><figure class=\"swiper-slide-inner\"><img decoding=\"async\" class=\"swiper-slide-image\" src=\"https:\/\/www.lapalma6.com\/wp-content\/uploads\/2025\/02\/Embarazo_AnnaAdria_LaPalma6-95.jpg\" alt=\"Embarazo_AnnaAdria\u0300_LaPalma6-95\" \/><\/figure><\/div><div class=\"swiper-slide\" role=\"group\" aria-roledescription=\"slide\" aria-label=\"2 de 11\"><figure class=\"swiper-slide-inner\"><img decoding=\"async\" class=\"swiper-slide-image\" src=\"https:\/\/www.lapalma6.com\/wp-content\/uploads\/2025\/02\/Embarazo_AnnaAdria_LaPalma6-55.jpg\" alt=\"Embarazo_AnnaAdria\u0300_LaPalma6-55\" \/><\/figure><\/div><div class=\"swiper-slide\" role=\"group\" aria-roledescription=\"slide\" aria-label=\"3 de 11\"><figure class=\"swiper-slide-inner\"><img decoding=\"async\" class=\"swiper-slide-image\" src=\"https:\/\/www.lapalma6.com\/wp-content\/uploads\/2025\/02\/Embarazo_AnnaAdria_LaPalma6-15.jpg\" alt=\"Embarazo_AnnaAdria\u0300_LaPalma6-15\" \/><\/figure><\/div><div class=\"swiper-slide\" role=\"group\" aria-roledescription=\"slide\" aria-label=\"4 de 11\"><figure class=\"swiper-slide-inner\"><img decoding=\"async\" class=\"swiper-slide-image\" src=\"https:\/\/www.lapalma6.com\/wp-content\/uploads\/2025\/02\/Embarazo_AnnaAdria_LaPalma6-111.jpg\" alt=\"Embarazo_AnnaAdria\u0300_LaPalma6-111\" \/><\/figure><\/div><div class=\"swiper-slide\" role=\"group\" aria-roledescription=\"slide\" aria-label=\"5 de 11\"><figure class=\"swiper-slide-inner\"><img decoding=\"async\" class=\"swiper-slide-image\" src=\"https:\/\/www.lapalma6.com\/wp-content\/uploads\/2025\/02\/Embarazo_AnnaAdria_LaPalma6-69.jpg\" alt=\"Embarazo_AnnaAdria\u0300_LaPalma6-69\" \/><\/figure><\/div><div class=\"swiper-slide\" role=\"group\" aria-roledescription=\"slide\" aria-label=\"6 de 11\"><figure class=\"swiper-slide-inner\"><img decoding=\"async\" class=\"swiper-slide-image\" src=\"https:\/\/www.lapalma6.com\/wp-content\/uploads\/2025\/02\/Embarazo_AnnaAdria_LaPalma6-91.jpg\" alt=\"Embarazo_AnnaAdria\u0300_LaPalma6-91\" \/><\/figure><\/div><div class=\"swiper-slide\" role=\"group\" aria-roledescription=\"slide\" aria-label=\"7 de 11\"><figure class=\"swiper-slide-inner\"><img decoding=\"async\" class=\"swiper-slide-image\" src=\"https:\/\/www.lapalma6.com\/wp-content\/uploads\/2025\/02\/Embarazo_AnnaAdria_LaPalma6-60.jpg\" alt=\"Embarazo_AnnaAdria\u0300_LaPalma6-60\" \/><\/figure><\/div><div class=\"swiper-slide\" role=\"group\" aria-roledescription=\"slide\" aria-label=\"8 de 11\"><figure class=\"swiper-slide-inner\"><img decoding=\"async\" class=\"swiper-slide-image\" src=\"https:\/\/www.lapalma6.com\/wp-content\/uploads\/2025\/02\/Embarazo_AnnaAdria_LaPalma6-131.jpg\" alt=\"Embarazo_AnnaAdria\u0300_LaPalma6-131\" \/><\/figure><\/div><div class=\"swiper-slide\" role=\"group\" aria-roledescription=\"slide\" aria-label=\"9 de 11\"><figure class=\"swiper-slide-inner\"><img decoding=\"async\" class=\"swiper-slide-image\" src=\"https:\/\/www.lapalma6.com\/wp-content\/uploads\/2025\/02\/Embarazo_AnnaAdria_LaPalma6-70.jpg\" alt=\"Embarazo_AnnaAdria\u0300_LaPalma6-70\" \/><\/figure><\/div><div class=\"swiper-slide\" role=\"group\" aria-roledescription=\"slide\" aria-label=\"10 de 11\"><figure class=\"swiper-slide-inner\"><img decoding=\"async\" class=\"swiper-slide-image\" src=\"https:\/\/www.lapalma6.com\/wp-content\/uploads\/2024\/05\/Embarazo_AnnaAdria_LaPalma6-19-scaled.jpg\" alt=\"Embarazo_AnnaAdri\u00e0_LaPalma6-19\" \/><\/figure><\/div><div class=\"swiper-slide\" role=\"group\" aria-roledescription=\"slide\" aria-label=\"11 de 11\"><figure class=\"swiper-slide-inner\"><img decoding=\"async\" class=\"swiper-slide-image\" src=\"https:\/\/www.lapalma6.com\/wp-content\/uploads\/2025\/02\/Embarazo_AnnaAdria_LaPalma6-59.jpg\" alt=\"Embarazo_AnnaAdria\u0300_LaPalma6-59\" \/><\/figure><\/div>\t\t\t<\/div>\n\t\t\t\t\t\t\t\t\t\t\t\t<div class=\"elementor-swiper-button elementor-swiper-button-prev\" role=\"button\" tabindex=\"0\">\n\t\t\t\t\t\t<svg aria-hidden=\"true\" class=\"e-font-icon-svg e-eicon-chevron-left\" viewbox=\"0 0 1000 1000\" xmlns=\"http:\/\/www.w3.org\/2000\/svg\"><path d=\"M646 125C629 125 613 133 604 142L308 442C296 454 292 471 292 487 292 504 296 521 308 533L604 854C617 867 629 875 646 875 663 875 679 871 692 858 704 846 713 829 713 812 713 796 708 779 692 767L438 487 692 225C700 217 708 204 708 187 708 171 704 154 692 142 675 129 663 125 646 125Z\"><\/path><\/svg>\t\t\t\t\t<\/div>\n\t\t\t\t\t<div class=\"elementor-swiper-button elementor-swiper-button-next\" role=\"button\" tabindex=\"0\">\n\t\t\t\t\t\t<svg aria-hidden=\"true\" class=\"e-font-icon-svg e-eicon-chevron-right\" viewbox=\"0 0 1000 1000\" xmlns=\"http:\/\/www.w3.org\/2000\/svg\"><path d=\"M696 533C708 521 713 504 713 487 713 471 708 454 696 446L400 146C388 133 375 125 354 125 338 125 325 129 313 142 300 154 292 171 292 187 292 204 296 221 308 233L563 492 304 771C292 783 288 800 288 817 288 833 296 850 308 863 321 871 338 875 354 875 371 875 388 867 400 854L696 533Z\"><\/path><\/svg>\t\t\t\t\t<\/div>\n\t\t\t\t\n\t\t\t\t\t\t\t\t\t<div class=\"swiper-pagination\"><\/div>\n\t\t\t\t\t\t\t\t\t<\/div>\n\t\t\t\t\t\t<\/div>\n\t\t\t\t<\/div>\n\t\t\t\t<div class=\"elementor-element elementor-element-24f6a9fd elementor-widget elementor-widget-spacer\" data-id=\"24f6a9fd\" data-element_type=\"widget\" data-e-type=\"widget\" data-widget_type=\"spacer.default\">\n\t\t\t\t<div class=\"elementor-widget-container\">\n\t\t\t\t\t\t\t<div class=\"elementor-spacer\">\n\t\t\t<div class=\"elementor-spacer-inner\"><\/div>\n\t\t<\/div>\n\t\t\t\t\t\t<\/div>\n\t\t\t\t<\/div>\n\t\t\t\t<\/div>\n\t\t\t\t<\/div>","protected":false},"excerpt":{"rendered":"<p>EMBARAZO &#8211; Anna + Adri\u00e0 Las sesiones de embarazo son un momento muy especial, y todav\u00eda m\u00e1s cuando la protagonista es tu amiga. Anna y Adri\u00e0 estaban as\u00ed de radiantes antes de la llegada del peque\u00f1o Luca.<\/p>","protected":false},"author":1,"featured_media":0,"comment_status":"closed","ping_status":"open","sticky":false,"template":"","format":"standard","meta":{"footnotes":""},"categories":[14],"tags":[],"class_list":["post-3240","post","type-post","status-publish","format-standard","hentry","category-embarazo"],"yoast_head":"<!-- This site is optimized with the Yoast SEO plugin v27.5 - https:\/\/yoast.com\/product\/yoast-seo-wordpress\/ -->\n<title>EMBARAZO ANNA + ADRI\u00c0 - La Palma 6<\/title>\n<meta name=\"robots\" content=\"index, follow, max-snippet:-1, max-image-preview:large, max-video-preview:-1\" \/>\n<link rel=\"canonical\" href=\"https:\/\/www.lapalma6.com\/ca\/embarazo-anna\/\" \/>\n<meta property=\"og:locale\" content=\"ca_ES\" \/>\n<meta property=\"og:type\" content=\"article\" \/>\n<meta property=\"og:title\" content=\"EMBARAZO ANNA + ADRI\u00c0 - La Palma 6\" \/>\n<meta property=\"og:description\" content=\"EMBARAZO &#8211; Anna + Adri\u00e0 Las sesiones de embarazo son un momento muy especial, y todav\u00eda m\u00e1s cuando la protagonista es tu amiga. Anna y Adri\u00e0 estaban as\u00ed de radiantes antes de la llegada del peque\u00f1o Luca.\" \/>\n<meta property=\"og:url\" content=\"https:\/\/www.lapalma6.com\/ca\/embarazo-anna\/\" \/>\n<meta property=\"og:site_name\" content=\"La Palma 6\" \/>\n<meta property=\"article:published_time\" content=\"2025-02-13T14:42:56+00:00\" \/>\n<meta property=\"article:modified_time\" content=\"2025-02-17T20:57:36+00:00\" \/>\n<meta property=\"og:image\" content=\"https:\/\/www.lapalma6.com\/wp-content\/uploads\/2025\/02\/Embarazo_AnnaAdria_LaPalma6-95.jpg\" \/>\n<meta name=\"author\" content=\"admin\" \/>\n<meta name=\"twitter:card\" content=\"summary_large_image\" \/>\n<meta name=\"twitter:label1\" content=\"Escrit per\" \/>\n\t<meta name=\"twitter:data1\" content=\"admin\" \/>\n\t<meta name=\"twitter:label2\" content=\"Temps estimat de lectura\" \/>\n\t<meta name=\"twitter:data2\" content=\"5 minuts\" \/>\n<script type=\"application\/ld+json\" class=\"yoast-schema-graph\">{\"@context\":\"https:\\\/\\\/schema.org\",\"@graph\":[{\"@type\":\"Article\",\"@id\":\"https:\\\/\\\/www.lapalma6.com\\\/embarazo-anna\\\/#article\",\"isPartOf\":{\"@id\":\"https:\\\/\\\/www.lapalma6.com\\\/embarazo-anna\\\/\"},\"author\":{\"name\":\"admin\",\"@id\":\"https:\\\/\\\/www.lapalma6.com\\\/#\\\/schema\\\/person\\\/bad920a052acf4129c6a9534e5fb3005\"},\"headline\":\"EMBARAZO ANNA + ADRI\u00c0\",\"datePublished\":\"2025-02-13T14:42:56+00:00\",\"dateModified\":\"2025-02-17T20:57:36+00:00\",\"mainEntityOfPage\":{\"@id\":\"https:\\\/\\\/www.lapalma6.com\\\/embarazo-anna\\\/\"},\"wordCount\":42,\"publisher\":{\"@id\":\"https:\\\/\\\/www.lapalma6.com\\\/#organization\"},\"image\":{\"@id\":\"https:\\\/\\\/www.lapalma6.com\\\/embarazo-anna\\\/#primaryimage\"},\"thumbnailUrl\":\"https:\\\/\\\/www.lapalma6.com\\\/wp-content\\\/uploads\\\/2025\\\/02\\\/Embarazo_AnnaAdria_LaPalma6-95.jpg\",\"articleSection\":[\"Embarazo\"],\"inLanguage\":\"ca\"},{\"@type\":\"WebPage\",\"@id\":\"https:\\\/\\\/www.lapalma6.com\\\/embarazo-anna\\\/\",\"url\":\"https:\\\/\\\/www.lapalma6.com\\\/embarazo-anna\\\/\",\"name\":\"EMBARAZO ANNA + ADRI\u00c0 - La Palma 6\",\"isPartOf\":{\"@id\":\"https:\\\/\\\/www.lapalma6.com\\\/#website\"},\"primaryImageOfPage\":{\"@id\":\"https:\\\/\\\/www.lapalma6.com\\\/embarazo-anna\\\/#primaryimage\"},\"image\":{\"@id\":\"https:\\\/\\\/www.lapalma6.com\\\/embarazo-anna\\\/#primaryimage\"},\"thumbnailUrl\":\"https:\\\/\\\/www.lapalma6.com\\\/wp-content\\\/uploads\\\/2025\\\/02\\\/Embarazo_AnnaAdria_LaPalma6-95.jpg\",\"datePublished\":\"2025-02-13T14:42:56+00:00\",\"dateModified\":\"2025-02-17T20:57:36+00:00\",\"breadcrumb\":{\"@id\":\"https:\\\/\\\/www.lapalma6.com\\\/embarazo-anna\\\/#breadcrumb\"},\"inLanguage\":\"ca\",\"potentialAction\":[{\"@type\":\"ReadAction\",\"target\":[\"https:\\\/\\\/www.lapalma6.com\\\/embarazo-anna\\\/\"]}]},{\"@type\":\"ImageObject\",\"inLanguage\":\"ca\",\"@id\":\"https:\\\/\\\/www.lapalma6.com\\\/embarazo-anna\\\/#primaryimage\",\"url\":\"https:\\\/\\\/www.lapalma6.com\\\/wp-content\\\/uploads\\\/2025\\\/02\\\/Embarazo_AnnaAdria_LaPalma6-95.jpg\",\"contentUrl\":\"https:\\\/\\\/www.lapalma6.com\\\/wp-content\\\/uploads\\\/2025\\\/02\\\/Embarazo_AnnaAdria_LaPalma6-95.jpg\"},{\"@type\":\"BreadcrumbList\",\"@id\":\"https:\\\/\\\/www.lapalma6.com\\\/embarazo-anna\\\/#breadcrumb\",\"itemListElement\":[{\"@type\":\"ListItem\",\"position\":1,\"name\":\"Portada\",\"item\":\"https:\\\/\\\/www.lapalma6.com\\\/\"},{\"@type\":\"ListItem\",\"position\":2,\"name\":\"EMBARAZO ANNA + ADRI\u00c0\"}]},{\"@type\":\"WebSite\",\"@id\":\"https:\\\/\\\/www.lapalma6.com\\\/#website\",\"url\":\"https:\\\/\\\/www.lapalma6.com\\\/\",\"name\":\"La Palma 6\",\"description\":\"Fotograf&iacute;a de beb&eacute;s y familia en Lleida\",\"publisher\":{\"@id\":\"https:\\\/\\\/www.lapalma6.com\\\/#organization\"},\"potentialAction\":[{\"@type\":\"SearchAction\",\"target\":{\"@type\":\"EntryPoint\",\"urlTemplate\":\"https:\\\/\\\/www.lapalma6.com\\\/?s={search_term_string}\"},\"query-input\":{\"@type\":\"PropertyValueSpecification\",\"valueRequired\":true,\"valueName\":\"search_term_string\"}}],\"inLanguage\":\"ca\"},{\"@type\":\"Organization\",\"@id\":\"https:\\\/\\\/www.lapalma6.com\\\/#organization\",\"name\":\"La Palma 6\",\"url\":\"https:\\\/\\\/www.lapalma6.com\\\/\",\"logo\":{\"@type\":\"ImageObject\",\"inLanguage\":\"ca\",\"@id\":\"https:\\\/\\\/www.lapalma6.com\\\/#\\\/schema\\\/logo\\\/image\\\/\",\"url\":\"https:\\\/\\\/www.lapalma6.com\\\/wp-content\\\/uploads\\\/2019\\\/07\\\/veefqvfev.png\",\"contentUrl\":\"https:\\\/\\\/www.lapalma6.com\\\/wp-content\\\/uploads\\\/2019\\\/07\\\/veefqvfev.png\",\"width\":1000,\"height\":1000,\"caption\":\"La Palma 6 \"},\"image\":{\"@id\":\"https:\\\/\\\/www.lapalma6.com\\\/#\\\/schema\\\/logo\\\/image\\\/\"}},{\"@type\":\"Person\",\"@id\":\"https:\\\/\\\/www.lapalma6.com\\\/#\\\/schema\\\/person\\\/bad920a052acf4129c6a9534e5fb3005\",\"name\":\"admin\",\"image\":{\"@type\":\"ImageObject\",\"inLanguage\":\"ca\",\"@id\":\"https:\\\/\\\/www.lapalma6.com\\\/wp-content\\\/litespeed\\\/avatar\\\/1\\\/8ce7f1e60e5272c7532a6b42069ce4d7.jpg?ver=1777267007\",\"url\":\"https:\\\/\\\/www.lapalma6.com\\\/wp-content\\\/litespeed\\\/avatar\\\/1\\\/8ce7f1e60e5272c7532a6b42069ce4d7.jpg?ver=1777267007\",\"contentUrl\":\"https:\\\/\\\/www.lapalma6.com\\\/wp-content\\\/litespeed\\\/avatar\\\/1\\\/8ce7f1e60e5272c7532a6b42069ce4d7.jpg?ver=1777267007\",\"caption\":\"admin\"},\"url\":\"https:\\\/\\\/www.lapalma6.com\\\/ca\\\/author\\\/admin\\\/\"}]}<\/script>\n<!-- \/ Yoast SEO plugin. -->","yoast_head_json":{"title":"EMBARAZO ANNA + ADRI\u00c0 - La Palma 6","robots":{"index":"index","follow":"follow","max-snippet":"max-snippet:-1","max-image-preview":"max-image-preview:large","max-video-preview":"max-video-preview:-1"},"canonical":"https:\/\/www.lapalma6.com\/ca\/embarazo-anna\/","og_locale":"ca_ES","og_type":"article","og_title":"EMBARAZO ANNA + ADRI\u00c0 - La Palma 6","og_description":"EMBARAZO &#8211; Anna + Adri\u00e0 Las sesiones de embarazo son un momento muy especial, y todav\u00eda m\u00e1s cuando la protagonista es tu amiga. Anna y Adri\u00e0 estaban as\u00ed de radiantes antes de la llegada del peque\u00f1o Luca.","og_url":"https:\/\/www.lapalma6.com\/ca\/embarazo-anna\/","og_site_name":"La Palma 6","article_published_time":"2025-02-13T14:42:56+00:00","article_modified_time":"2025-02-17T20:57:36+00:00","og_image":[{"url":"https:\/\/www.lapalma6.com\/wp-content\/uploads\/2025\/02\/Embarazo_AnnaAdria_LaPalma6-95.jpg","type":"","width":"","height":""}],"author":"admin","twitter_card":"summary_large_image","twitter_misc":{"Escrit per":"admin","Temps estimat de lectura":"5 minuts"},"schema":{"@context":"https:\/\/schema.org","@graph":[{"@type":"Article","@id":"https:\/\/www.lapalma6.com\/embarazo-anna\/#article","isPartOf":{"@id":"https:\/\/www.lapalma6.com\/embarazo-anna\/"},"author":{"name":"admin","@id":"https:\/\/www.lapalma6.com\/#\/schema\/person\/bad920a052acf4129c6a9534e5fb3005"},"headline":"EMBARAZO ANNA + ADRI\u00c0","datePublished":"2025-02-13T14:42:56+00:00","dateModified":"2025-02-17T20:57:36+00:00","mainEntityOfPage":{"@id":"https:\/\/www.lapalma6.com\/embarazo-anna\/"},"wordCount":42,"publisher":{"@id":"https:\/\/www.lapalma6.com\/#organization"},"image":{"@id":"https:\/\/www.lapalma6.com\/embarazo-anna\/#primaryimage"},"thumbnailUrl":"https:\/\/www.lapalma6.com\/wp-content\/uploads\/2025\/02\/Embarazo_AnnaAdria_LaPalma6-95.jpg","articleSection":["Embarazo"],"inLanguage":"ca"},{"@type":"WebPage","@id":"https:\/\/www.lapalma6.com\/embarazo-anna\/","url":"https:\/\/www.lapalma6.com\/embarazo-anna\/","name":"EMBARAZO ANNA + ADRI\u00c0 - La Palma 6","isPartOf":{"@id":"https:\/\/www.lapalma6.com\/#website"},"primaryImageOfPage":{"@id":"https:\/\/www.lapalma6.com\/embarazo-anna\/#primaryimage"},"image":{"@id":"https:\/\/www.lapalma6.com\/embarazo-anna\/#primaryimage"},"thumbnailUrl":"https:\/\/www.lapalma6.com\/wp-content\/uploads\/2025\/02\/Embarazo_AnnaAdria_LaPalma6-95.jpg","datePublished":"2025-02-13T14:42:56+00:00","dateModified":"2025-02-17T20:57:36+00:00","breadcrumb":{"@id":"https:\/\/www.lapalma6.com\/embarazo-anna\/#breadcrumb"},"inLanguage":"ca","potentialAction":[{"@type":"ReadAction","target":["https:\/\/www.lapalma6.com\/embarazo-anna\/"]}]},{"@type":"ImageObject","inLanguage":"ca","@id":"https:\/\/www.lapalma6.com\/embarazo-anna\/#primaryimage","url":"https:\/\/www.lapalma6.com\/wp-content\/uploads\/2025\/02\/Embarazo_AnnaAdria_LaPalma6-95.jpg","contentUrl":"https:\/\/www.lapalma6.com\/wp-content\/uploads\/2025\/02\/Embarazo_AnnaAdria_LaPalma6-95.jpg"},{"@type":"BreadcrumbList","@id":"https:\/\/www.lapalma6.com\/embarazo-anna\/#breadcrumb","itemListElement":[{"@type":"ListItem","position":1,"name":"Portada","item":"https:\/\/www.lapalma6.com\/"},{"@type":"ListItem","position":2,"name":"EMBARAZO ANNA + ADRI\u00c0"}]},{"@type":"WebSite","@id":"https:\/\/www.lapalma6.com\/#website","url":"https:\/\/www.lapalma6.com\/","name":"La Palma 6","description":"Fotograf&iacute;a de beb&eacute;s y familia en Lleida","publisher":{"@id":"https:\/\/www.lapalma6.com\/#organization"},"potentialAction":[{"@type":"SearchAction","target":{"@type":"EntryPoint","urlTemplate":"https:\/\/www.lapalma6.com\/?s={search_term_string}"},"query-input":{"@type":"PropertyValueSpecification","valueRequired":true,"valueName":"search_term_string"}}],"inLanguage":"ca"},{"@type":"Organization","@id":"https:\/\/www.lapalma6.com\/#organization","name":"La Palma 6","url":"https:\/\/www.lapalma6.com\/","logo":{"@type":"ImageObject","inLanguage":"ca","@id":"https:\/\/www.lapalma6.com\/#\/schema\/logo\/image\/","url":"https:\/\/www.lapalma6.com\/wp-content\/uploads\/2019\/07\/veefqvfev.png","contentUrl":"https:\/\/www.lapalma6.com\/wp-content\/uploads\/2019\/07\/veefqvfev.png","width":1000,"height":1000,"caption":"La Palma 6 "},"image":{"@id":"https:\/\/www.lapalma6.com\/#\/schema\/logo\/image\/"}},{"@type":"Person","@id":"https:\/\/www.lapalma6.com\/#\/schema\/person\/bad920a052acf4129c6a9534e5fb3005","name":"admin","image":{"@type":"ImageObject","inLanguage":"ca","@id":"https:\/\/www.lapalma6.com\/wp-content\/litespeed\/avatar\/1\/8ce7f1e60e5272c7532a6b42069ce4d7.jpg?ver=1777267007","url":"https:\/\/www.lapalma6.com\/wp-content\/litespeed\/avatar\/1\/8ce7f1e60e5272c7532a6b42069ce4d7.jpg?ver=1777267007","contentUrl":"https:\/\/www.lapalma6.com\/wp-content\/litespeed\/avatar\/1\/8ce7f1e60e5272c7532a6b42069ce4d7.jpg?ver=1777267007","caption":"admin"},"url":"https:\/\/www.lapalma6.com\/ca\/author\/admin\/"}]}},"_links":{"self":[{"href":"https:\/\/www.lapalma6.com\/ca\/wp-json\/wp\/v2\/posts\/3240","targetHints":{"allow":["GET"]}}],"collection":[{"href":"https:\/\/www.lapalma6.com\/ca\/wp-json\/wp\/v2\/posts"}],"about":[{"href":"https:\/\/www.lapalma6.com\/ca\/wp-json\/wp\/v2\/types\/post"}],"author":[{"embeddable":true,"href":"https:\/\/www.lapalma6.com\/ca\/wp-json\/wp\/v2\/users\/1"}],"replies":[{"embeddable":true,"href":"https:\/\/www.lapalma6.com\/ca\/wp-json\/wp\/v2\/comments?post=3240"}],"version-history":[{"count":24,"href":"https:\/\/www.lapalma6.com\/ca\/wp-json\/wp\/v2\/posts\/3240\/revisions"}],"predecessor-version":[{"id":3396,"href":"https:\/\/www.lapalma6.com\/ca\/wp-json\/wp\/v2\/posts\/3240\/revisions\/3396"}],"wp:attachment":[{"href":"https:\/\/www.lapalma6.com\/ca\/wp-json\/wp\/v2\/media?parent=3240"}],"wp:term":[{"taxonomy":"category","embeddable":true,"href":"https:\/\/www.lapalma6.com\/ca\/wp-json\/wp\/v2\/categories?post=3240"},{"taxonomy":"post_tag","embeddable":true,"href":"https:\/\/www.lapalma6.com\/ca\/wp-json\/wp\/v2\/tags?post=3240"}],"curies":[{"name":"wp","href":"https:\/\/api.w.org\/{rel}","templated":true}]}}